{"id":286,"date":"2024-05-10T08:55:41","date_gmt":"2024-05-10T00:55:41","guid":{"rendered":"https:\/\/artehistoria.net\/silicon-carbide-ceramic-a-durable-material-for-harsh-chemical-processing-4\/"},"modified":"2024-05-10T08:55:41","modified_gmt":"2024-05-10T00:55:41","slug":"silicon-carbide-ceramic-a-durable-material-for-harsh-chemical-processing-4","status":"publish","type":"post","link":"https:\/\/artehistoria.net\/hu\/szilicium-karbid-keramia-tartos-anyag-kemeny-vegyi-feldolgozashoz-4\/","title":{"rendered":"Szil\u00edcium-karbid ker\u00e1mia: Kem\u00e9ny k\u00e9miai feldolgoz\u00e1shoz tart\u00f3s anyag"},"content":{"rendered":"<p>**Sil\u00edcium-karbid ker\u00e1mia: Kem\u00e9ny k\u00e9miai feldolgoz\u00e1shoz val\u00f3 tart\u00f3s anyag**<\/p>\n<p>A fejlett ker\u00e1mi\u00e1k k\u00f6z\u00fcl a szil\u00edciumkarbid (SiC) kiemelkedik kiv\u00e9teles tulajdons\u00e1gaival, amelyek rendk\u00edv\u00fcl \u00e9rt\u00e9kes anyagg\u00e1 teszik a k\u00fcl\u00f6nb\u00f6z\u0151 ig\u00e9nyes ipari alkalmaz\u00e1sokban. A SiC-ker\u00e1mia k\u00fcl\u00f6n\u00f6sen a durva vegyi feldolgoz\u00e1si k\u00f6rnyezetben olyan tart\u00f3ss\u00e1g, ellen\u00e1ll\u00e1s \u00e9s teljes\u00edtm\u00e9ny kombin\u00e1ci\u00f3j\u00e1t ny\u00fajtja, amelyet kev\u00e9s anyag tud el\u00e9rni. Ez a cikk a szil\u00edcium-karbid ker\u00e1mia tulajdons\u00e1gait, gy\u00e1rt\u00e1si folyamatait \u00e9s a vegyipari feldolgoz\u00e1sban val\u00f3 alkalmaz\u00e1sait vizsg\u00e1lja, kiemelve, hogy mi\u00e9rt tekinthet\u0151 kiv\u00e1l\u00f3 anyagnak ilyen kih\u00edv\u00e1st jelent\u0151 k\u00f6r\u00fclm\u00e9nyek k\u00f6z\u00f6tt.<\/p>\n<p>#### A szil\u00edcium-karbid ker\u00e1mia tulajdons\u00e1gai<\/p>\n<p>A szil\u00edciumkarbid egy szintetikus ker\u00e1miaanyag, amelyet el\u0151sz\u00f6r 1891-ben fedezett fel Edward G. Acheson amerikai vegy\u00e9sz, amikor szintetikus gy\u00e9m\u00e1ntot pr\u00f3b\u00e1lt el\u0151\u00e1ll\u00edtani. A SiC szil\u00edciumb\u00f3l \u00e9s sz\u00e9nb\u0151l \u00e1ll, \u00e9s nagy kem\u00e9nys\u00e9g\u00e9r\u0151l ismert, amely a gy\u00e9m\u00e1nt\u00e9val vetekszik. Ez a kem\u00e9nys\u00e9g az egyik f\u0151 oka annak, hogy a kem\u00e9ny k\u00f6rnyezetben is kiv\u00e9telesen tart\u00f3s.<\/p>\n<p>A szil\u00edciumkarbid legfontosabb tulajdons\u00e1gai, amelyek a vegyi feldolgoz\u00e1sban oly \u00e9rt\u00e9kess\u00e9 teszik, a k\u00f6vetkez\u0151k:<\/p>\n<p>- **Nagy h\u0151vezet\u0151 k\u00e9pess\u00e9g:** A SiC nagy h\u0151vezet\u0151 k\u00e9pess\u00e9ggel rendelkezik, ami kiv\u00e1l\u00f3 anyagg\u00e1 teszi a j\u00f3 h\u0151elvezet\u00e9st ig\u00e9nyl\u0151 alkalmaz\u00e1sokban, p\u00e9ld\u00e1ul h\u0151cser\u00e9l\u0151kben \u00e9s \u00e9g\u0151f\u00fav\u00f3k\u00e1kban.<\/p>\n<p>- **Kiv\u00e1l\u00f3 h\u0151sokk\u00e1ll\u00f3s\u00e1g:** A SiC reped\u00e9smentesen ellen\u00e1ll a hirtelen h\u0151m\u00e9rs\u00e9klet-v\u00e1ltoz\u00e1soknak, ami alapvet\u0151 tulajdons\u00e1g a magas h\u0151m\u00e9rs\u00e9klet\u0171, gyors felmeleged\u00e9ssel vagy leh\u0171l\u00e9ssel j\u00e1r\u00f3 folyamatokban haszn\u00e1lt anyagok eset\u00e9ben.<\/p>\n<p>- **Kiv\u00e1l\u00f3 kop\u00e1s\u00e1ll\u00f3s\u00e1g:** A szil\u00edciumkarbid kem\u00e9nys\u00e9ge kiemelked\u0151 kop\u00e1s- \u00e9s kop\u00e1s\u00e1ll\u00f3s\u00e1got biztos\u00edt, ami kulcsfontoss\u00e1g\u00fa a r\u00e9szecske\u00e1raml\u00e1st vagy korroz\u00edv anyagokat tartalmaz\u00f3 folyamatokban.<\/p>\n<p>- **K\u00e9miai inertit\u00e1s:** A SiC k\u00e9miailag stabil, \u00e9s m\u00e9g magas h\u0151m\u00e9rs\u00e9kleten is minim\u00e1lis k\u00e9miai reakci\u00f3k\u00e9szs\u00e9get mutat. Ez\u00e1ltal ellen\u00e1ll a vegyi anyagok sz\u00e9les sk\u00e1l\u00e1ja \u00e1ltal okozott korr\u00f3zi\u00f3nak, bele\u00e9rtve az er\u0151s savakat \u00e9s b\u00e1zisokat is.<\/p>\n<p>- **Mechanikai szil\u00e1rds\u00e1g:** A szil\u00edciumkarbid magas h\u0151m\u00e9rs\u00e9kleten is meg\u0151rzi szil\u00e1rds\u00e1g\u00e1t, ellent\u00e9tben a f\u00e9mekkel, amelyek hajlamosak gyeng\u00fclni. Ez a szil\u00e1rds\u00e1g el\u0151ny\u00f6s a vegyi feldolgoz\u00f3 \u00fczemek szerkezeti elemei sz\u00e1m\u00e1ra.<\/p>\n<p>#### Szil\u00edcium-karbid ker\u00e1mi\u00e1k gy\u00e1rt\u00e1si folyamatai<\/p>\n<p>A szil\u00edcium-karbid ker\u00e1mi\u00e1k gy\u00e1rt\u00e1sa t\u00f6bbf\u00e9le m\u00f3dszerrel is megval\u00f3s\u00edthat\u00f3, a leggyakoribb a szinterel\u00e9si elj\u00e1r\u00e1s. A szinterel\u00e9si elj\u00e1r\u00e1s sor\u00e1n a por\u00edtott szil\u00edciumkarbidot \u00f6sszetett form\u00e1kk\u00e1 alak\u00edtj\u00e1k, majd inert atmoszf\u00e9r\u00e1ban magas h\u0151m\u00e9rs\u00e9kletre hev\u00edtik, ami lehet\u0151v\u00e9 teszi, hogy a porszemcs\u00e9k olvad\u00e1s n\u00e9lk\u00fcl \u00f6sszekapcsol\u00f3djanak.<\/p>\n<p>Egy m\u00e1sik m\u00f3dszer a reakci\u00f3k\u00f6t\u00e9s, amely sor\u00e1n szil\u00edciumkarbid port kever\u00fcnk sz\u00e9nforr\u00e1ssal, a kever\u00e9ket a k\u00edv\u00e1nt form\u00e1ra alak\u00edtjuk, majd szil\u00edcium vagy m\u00e1s adal\u00e9kanyagok jelenl\u00e9t\u00e9ben felmeleg\u00edtj\u00fck. Ez a folyamat tov\u00e1bbi szil\u00edciumkarbidot k\u00e9pez az eredeti r\u00e9szecsk\u00e9k hat\u00e1r\u00e1n, \u00e9s \u00f6sszek\u00f6ti azokat.<\/p>\n<p>#### Alkalmaz\u00e1sok a durva vegyi feldolgoz\u00e1sban<\/p>\n<p>A szil\u00edciumkarbid egyed\u00fcl\u00e1ll\u00f3 tulajdons\u00e1gai miatt ide\u00e1lis anyag a k\u00fcl\u00f6nb\u00f6z\u0151 alkalmaz\u00e1sokhoz a durva vegyipari feldolgoz\u00e1si k\u00f6rnyezetekben:<\/p>\n<p>- **H\u0151cser\u00e9l\u0151k:** A SiC nagy h\u0151vezet\u0151 k\u00e9pess\u00e9ge \u00e9s k\u00e9miai inertit\u00e1sa miatt alkalmas a vegyi \u00fczemek h\u0151cser\u00e9l\u0151ihez, k\u00fcl\u00f6n\u00f6sen ott, ahol agressz\u00edv vegyi anyagokat dolgoznak fel.<\/p>\n<p>- **Szivatty\u00fak \u00e9s szelepek:** A SiC kop\u00e1s- \u00e9s korr\u00f3zi\u00f3\u00e1ll\u00f3s\u00e1ga el\u0151ny\u00f6s a szivatty\u00fak \u00e9s szelepek mozg\u00f3 alkatr\u00e9szei sz\u00e1m\u00e1ra a vegyi feldolgoz\u00e1sban, amelyek gyakran tal\u00e1lkoznak koptat\u00f3 iszapokkal \u00e9s korroz\u00edv folyad\u00e9kokkal.<\/p>\n<p>- **F\u00fav\u00f3k\u00e1k:** A SiC-t a kop\u00e1ssal \u00e9s a k\u00e9miai korr\u00f3zi\u00f3val szembeni ellen\u00e1ll\u00e1sa miatt a vegyi anyagok permetez\u00e9s\u00e9re vagy adagol\u00e1s\u00e1ra szolg\u00e1l\u00f3 f\u00fav\u00f3k\u00e1k gy\u00e1rt\u00e1s\u00e1hoz haszn\u00e1lj\u00e1k.<\/p>\n<p>- **Reaktorb\u00e9l\u00e9sek \u00e9s alkatr\u00e9szek:** A magas h\u0151stabilit\u00e1s \u00e9s a h\u0151 sokkokkal szembeni ellen\u00e1ll\u00e1s miatt a szil\u00edciumkarbid kiv\u00e1l\u00f3 anyag a vegyi reaktorok \u00e9s m\u00e1s, magas h\u0151m\u00e9rs\u00e9kletnek \u00e9s korroz\u00edv anyagoknak kitett alkatr\u00e9szek b\u00e9l\u00e9s\u00e9re.<\/p>\n<p>#### Kih\u00edv\u00e1sok \u00e9s j\u00f6v\u0151beli kil\u00e1t\u00e1sok<\/p>\n<p>Sz\u00e1mos el\u0151nye ellen\u00e9re a szil\u00edciumkarbid sz\u00e9les k\u00f6r\u0171 alkalmaz\u00e1sa a vegyipari feldolgoz\u00f3iparban kih\u00edv\u00e1sokkal n\u00e9z szembe, amelyek els\u0151sorban a k\u00f6lts\u00e9gekkel kapcsolatosak. A SiC-ker\u00e1mia el\u0151\u00e1ll\u00edt\u00e1sa m\u00e9g mindig viszonylag dr\u00e1ga a kev\u00e9sb\u00e9 tart\u00f3s anyagokhoz k\u00e9pest. A hossz\u00fa t\u00e1v\u00fa el\u0151ny\u00f6k, mint p\u00e9ld\u00e1ul a cs\u00f6kkentett karbantart\u00e1s \u00e9s a hosszabb \u00e9lettartam azonban gyakran igazolj\u00e1k a kezdeti beruh\u00e1z\u00e1st.<\/p>\n<p>Folytat\u00f3dnak a kutat\u00e1sok a SiC gy\u00e1rt\u00e1si folyamatainak jav\u00edt\u00e1s\u00e1ra a k\u00f6lts\u00e9gek cs\u00f6kkent\u00e9se \u00e9s a v\u00e9gterm\u00e9kek tulajdons\u00e1gainak jav\u00edt\u00e1sa \u00e9rdek\u00e9ben. Az addit\u00edv gy\u00e1rt\u00e1s ter\u00e9n megval\u00f3sul\u00f3 innov\u00e1ci\u00f3k p\u00e9ld\u00e1ul \u00faj lehet\u0151s\u00e9geket nyitnak meg az \u00f6sszetett SiC-alkatr\u00e9szek k\u00f6lts\u00e9ghat\u00e9kony gy\u00e1rt\u00e1sa el\u0151tt.<\/p>\n<p>#### K\u00f6vetkeztet\u00e9s<\/p>\n<p>A szil\u00edcium-karbid ker\u00e1mi\u00e1k az anyagok egy figyelemre m\u00e9lt\u00f3 oszt\u00e1ly\u00e1t k\u00e9pviselik, amelyek tulajdons\u00e1gainak kombin\u00e1ci\u00f3ja kiv\u00e1l\u00f3an alkalmas a durva vegyi feldolgoz\u00e1si k\u00f6rnyezetekhez. A gy\u00e1rt\u00e1si technol\u00f3gi\u00e1k folyamatos fejl\u0151d\u00e9s\u00e9vel \u00e9s a k\u00fcl\u00f6nb\u00f6z\u0151 k\u00f6r\u00fclm\u00e9nyek k\u00f6z\u00f6tti viselked\u00e9s jobb meg\u00e9rt\u00e9s\u00e9vel a SiC egyre fontosabb szerepet fog j\u00e1tszani a vegyipari feldolgoz\u00f3iparban. Az a k\u00e9pess\u00e9ge, hogy ellen\u00e1ll a zord k\u00f6rnyezetek viszontags\u00e1gainak, nemcsak a vegyi feldolgoz\u00f3 \u00fczemek hat\u00e9konys\u00e1g\u00e1t \u00e9s biztons\u00e1g\u00e1t jav\u00edtja, hanem jelent\u0151sen hozz\u00e1j\u00e1rul a benn\u00fck haszn\u00e1lt berendez\u00e9sek hossz\u00fa \u00e9lettartam\u00e1hoz \u00e9s megb\u00edzhat\u00f3s\u00e1g\u00e1hoz is.<\/p>","protected":false},"excerpt":{"rendered":"<p>**Silicon Carbide Ceramic: A Durable Material for Harsh Chemical Processing** In the realm of advanced ceramics, silicon carbide (SiC) stands [&hellip;]<\/p>","protected":false},"author":1,"featured_media":0,"comment_status":"open","ping_status":"open","sticky":false,"template":"","format":"standard","meta":{"site-sidebar-layout":"default","site-content-layout":"","ast-site-content-layout":"","site-content-style":"default","site-sidebar-style":"default","ast-global-header-display":"","ast-banner-title-visibility":"","ast-main-header-display":"","ast-hfb-above-header-display":"","ast-hfb-below-header-display":"","ast-hfb-mobile-header-display":"","site-post-title":"","ast-breadcrumbs-content":"","ast-featured-img":"","footer-sml-layout":"","theme-transparent-header-meta":"","adv-header-id-meta":"","stick-header-meta":"","header-above-stick-meta":"","header-main-stick-meta":"","header-below-stick-meta":"","astra-migrate-meta-layouts":"default","ast-page-background-enabled":"default","ast-page-background-meta":{"desktop":{"background-color":"var(--ast-global-color-4)","background-image":"","background-repeat":"repeat","background-position":"center center","background-size":"auto","background-attachment":"scroll","background-type":"","background-media":"","overlay-type":"","overlay-color":"","overlay-gradient":""},"tablet":{"background-color":"","background-image":"","background-repeat":"repeat","background-position":"center center","background-size":"auto","background-attachment":"scroll","background-type":"","background-media":"","overlay-type":"","overlay-color":"","overlay-gradient":""},"mobile":{"background-color":"","background-image":"","background-repeat":"repeat","background-position":"center center","background-size":"auto","background-attachment":"scroll","background-type":"","background-media":"","overlay-type":"","overlay-color":"","overlay-gradient":""}},"ast-content-background-meta":{"desktop":{"background-color":"var(--ast-global-color-5)","background-image":"","background-repeat":"repeat","background-position":"center center","background-size":"auto","background-attachment":"scroll","background-type":"","background-media":"","overlay-type":"","overlay-color":"","overlay-gradient":""},"tablet":{"background-color":"var(--ast-global-color-5)","background-image":"","background-repeat":"repeat","background-position":"center center","background-size":"auto","background-attachment":"scroll","background-type":"","background-media":"","overlay-type":"","overlay-color":"","overlay-gradient":""},"mobile":{"background-color":"var(--ast-global-color-5)","background-image":"","background-repeat":"repeat","background-position":"center center","background-size":"auto","background-attachment":"scroll","background-type":"","background-media":"","overlay-type":"","overlay-color":"","overlay-gradient":""}},"footnotes":""},"categories":[3],"tags":[],"class_list":["post-286","post","type-post","status-publish","format-standard","hentry","category-knowledge"],"aioseo_notices":[],"_links":{"self":[{"href":"https:\/\/artehistoria.net\/hu\/wp-json\/wp\/v2\/posts\/286","targetHints":{"allow":["GET"]}}],"collection":[{"href":"https:\/\/artehistoria.net\/hu\/wp-json\/wp\/v2\/posts"}],"about":[{"href":"https:\/\/artehistoria.net\/hu\/wp-json\/wp\/v2\/types\/post"}],"author":[{"embeddable":true,"href":"https:\/\/artehistoria.net\/hu\/wp-json\/wp\/v2\/users\/1"}],"replies":[{"embeddable":true,"href":"https:\/\/artehistoria.net\/hu\/wp-json\/wp\/v2\/comments?post=286"}],"version-history":[{"count":0,"href":"https:\/\/artehistoria.net\/hu\/wp-json\/wp\/v2\/posts\/286\/revisions"}],"wp:attachment":[{"href":"https:\/\/artehistoria.net\/hu\/wp-json\/wp\/v2\/media?parent=286"}],"wp:term":[{"taxonomy":"category","embeddable":true,"href":"https:\/\/artehistoria.net\/hu\/wp-json\/wp\/v2\/categories?post=286"},{"taxonomy":"post_tag","embeddable":true,"href":"https:\/\/artehistoria.net\/hu\/wp-json\/wp\/v2\/tags?post=286"}],"curies":[{"name":"wp","href":"https:\/\/api.w.org\/{rel}","templated":true}]}}